{"id":9264,"date":"2015-11-13T10:00:10","date_gmt":"2015-11-13T09:00:10","guid":{"rendered":"http:\/\/www.formulatennis.com\/?p=9264"},"modified":"2015-11-27T20:38:50","modified_gmt":"2015-11-27T19:38:50","slug":"atp-world-tour-finals-preview-djokovic-su-tutti","status":"publish","type":"post","link":"https:\/\/www.formulatennis.com\/?p=9264","title":{"rendered":"Atp World Tour Finals preview: Djokovic su tutti"},"content":{"rendered":"<p>Sono stati sorteggiati i gironi delle<strong> Atp World Tour Finals<\/strong>, quest\u2019anno intitolati a Stan Smith e Ilie Nastase. Nel primo, si troveranno gi\u00e0 di fronte Djokovic e Federer, insieme poi a Nishikori e Berdych. Dall\u2019altra parte, Murray, Wawrinka, Nadal e Ferrer.<\/p>\n<p>Alle porte dell\u2019ultimo atto della stagione, il favorito, come negli ultimi tre anni, non pu\u00f2 che essere<strong> Novak Djokovic<\/strong>. Il serbo ha giocato il <strong>miglior anno della sua carriera<\/strong>, portando a casa tre Slam e sei Master 1000 e lasciando solo le briciole a tutti gli altri. Unica nota stonata (per modo di dire) per il tennis odierno \u00e8 il fatto che sia ancora una volta Federer, trentaquattrenne, l\u2019unico in grado di provare a mettergli i bastoni tra le ruote. Con l\u2019eccezione ovviamente di Wawrinka al Roland Garros, che (in collaborazione con Murray, che ha avuto il merito di sfiancare Nole in semifinale) \u00e8 riuscito nell\u2019impresa di portare a casa il secondo Slam della carriera, anche lui a trent\u2019anni compiuti. Ecco perch\u00e9 sembra davvero difficile considerare un altro nome come candidato numero uno per la vittoria finale.<\/p>\n<p>Nel girone Djokovic si trover\u00e0 subito di fronte <strong>Federer<\/strong>, e i favoriti per il\u00a0passaggio alle semifinali sono ovviamente loro. <strong>Nishikori<\/strong>, sceso all\u2019ottava posizione in classifica a causa dei punti che aveva in scadenza a New York, ancora una volta \u00e8 limitato dai suoi <strong>problemi fisici<\/strong>, che l\u2019hanno tra l\u2019altro costretto al ritiro a Bercy contro Gasquet. A proposito di <strong>Gasquet<\/strong>, \u00e8 proprio il francese, insieme a Tsonga, che si trova in prima linea come riserva, semmai uno dei Top 8 dovesse venire meno.<\/p>\n<p>Per quanto riguarda invece <strong>Berdych<\/strong>, dopo la buona partenza con la semifinale raggiunta a Melbourne, \u00e8 stato poi protagonista di una stagione senza particolari picchi, inanellando per\u00f2 come sempre una serie di buoni risultati gli hanno permesso di rimanere ancora una volta tra i primi otto del mondo e timbrare il cartellino per le Finals. Il ceco ci ha abituato a continui alti e bassi, e sul <strong>veloce\u00a0soprattutto indoor<\/strong>, dove si trova particolarmente a suo agio (come le recenti vittorie a Stoccolma e Shenzen e i quarti a Shanghai e Bercy dimostrano) pu\u00f2 riservare sempre qualche sorpresa,<\/p>\n<p>A lottarsela con Djokovic e Federer per la vittoria finale ci sar\u00e0 poi<strong> Wawrinka<\/strong>. Stan, dopo la fantastica vittoria al Roland Garros, ha raggiunto i quarti a Wimbledon e soprattutto la semifinale agli Us Open, mostrando finalmente quella <strong>continuit\u00e0<\/strong> tanto cercata. A New York solo il miglior Federer della stagione \u00e8 riuscito a fermarlo. Nelle ultime settimane ha portato a casa onesti risultati, quindi \u00e8 da lui, dopo Federer, che possiamo aspettarci la maggiore resistenza al dominio serbo.<\/p>\n<p>Prover\u00e0 a raddrizzare ulteriormente la sua annata invece <strong>Rafa Nadal<\/strong>, in netto <strong>recupero<\/strong> fisico e psicologico dopo un lungo periodo buio, in cui ha dovuto fare i conti con <strong>sconfitte deludenti soprattutto negli Slam<\/strong>. La semifinale a Shanghai, ancor pi\u00f9 la finale di Basilea nella sfida di sempre contro Federer, infine i quarti a Bercy, hanno mostrato i segni della ripresa. Alla vigilia di queste Finals, ha fatto scalpore Nadal affermando l\u2019ingiustizia del fatto che il terreno di gioco sia sempre stato il veloce. Non sembra per\u00f2 del tutto condivisibile il pensiero di Rafa, in quanto il cemento \u00e8 la superficie pi\u00f9 accessibile ai diversi stili di gioco, per permettere di duellare ad armi (pi\u00f9 o meno) pari.<\/p>\n<p>Sembra essere con la testa altrove invece <strong>Andy Murray<\/strong>. Inizialmente tentato di saltare le Finals, pare ci sar\u00e0 alla fine lo scozzese, ma con l\u2019attenzione decisamente gi\u00e0 rivolta alla finale di Coppa Davis. Tanto che questa settimana precedente il torneo, era s\u00ec presente a Londra, ma ad allenarsi <strong>al Queen\u2019s sulla terra rossa<\/strong>, superficie su cui si disputer\u00e0 la sfida contro il Belgio. Arriva dall\u2019ennesima sconfitta contro Djokovic, in finale a Bercy, e per di pi\u00f9 trova nel suo stesso girone Wawrinka e un migliorato Nadal, oltre che l\u2019onnipresente Ferrer. Il passaggio alle semifinali potrebbe non essere scontato. (1289)<\/p>\n","protected":false},"excerpt":{"rendered":"<p>Sono stati sorteggiati i gironi delle Atp World Tour Finals, quest\u2019anno intitolati a Stan Smith e Ilie Nastase. Nel primo, si troveranno gi\u00e0 di fronte Djokovic e Federer, insieme poi&hellip; <\/p>\n","protected":false},"author":8,"featured_media":9265,"comment_status":"open","ping_status":"open","sticky":false,"template":"","format":"standard","meta":{"_monsterinsights_skip_tracking":false,"advanced_seo_description":"","jetpack_seo_html_title":"","jetpack_seo_noindex":false,"jetpack_seo_schema_type":"","_jetpack_newsletter_access":"","_jetpack_dont_email_post_to_subs":false,"_jetpack_newsletter_tier_id":0,"_jetpack_memberships_contains_paywalled_content":false,"_jetpack_feature_clip_id":0,"_jetpack_memberships_contains_paid_content":false,"footnotes":"","jetpack_publicize_message":"","jetpack_publicize_feature_enabled":true,"jetpack_social_post_already_shared":false,"jetpack_social_options":{"image_generator_settings":{"template":"highway","default_image_id":0,"font":"","enabled":false},"version":2},"jetpack_post_was_ever_published":false},"categories":[6,50,4,8],"tags":[],"class_list":["post-9264","post","type-post","status-publish","format-standard","has-post-thumbnail","hentry","category-a-circuito-atp","category-flash-news","category-primo-piano","category-ultime-notizie"],"jetpack_publicize_connections":[],"jetpack_sharing_enabled":true,"jetpack_shortlink":"https:\/\/wp.me\/p9JqfT-2pq","jetpack_likes_enabled":true,"jetpack_featured_media_url":"https:\/\/www.formulatennis.com\/wp-content\/uploads\/2015\/11\/rafael-nadal-at-the-atp-finals-draw-ceremony-in-london-11.jpg","_links":{"self":[{"href":"https:\/\/www.formulatennis.com\/index.php?rest_route=\/wp\/v2\/posts\/9264","targetHints":{"allow":["GET"]}}],"collection":[{"href":"https:\/\/www.formulatennis.com\/index.php?rest_route=\/wp\/v2\/posts"}],"about":[{"href":"https:\/\/www.formulatennis.com\/index.php?rest_route=\/wp\/v2\/types\/post"}],"author":[{"embeddable":true,"href":"https:\/\/www.formulatennis.com\/index.php?rest_route=\/wp\/v2\/users\/8"}],"replies":[{"embeddable":true,"href":"https:\/\/www.formulatennis.com\/index.php?rest_route=%2Fwp%2Fv2%2Fcomments&post=9264"}],"version-history":[{"count":2,"href":"https:\/\/www.formulatennis.com\/index.php?rest_route=\/wp\/v2\/posts\/9264\/revisions"}],"predecessor-version":[{"id":9360,"href":"https:\/\/www.formulatennis.com\/index.php?rest_route=\/wp\/v2\/posts\/9264\/revisions\/9360"}],"wp:featuredmedia":[{"embeddable":true,"href":"https:\/\/www.formulatennis.com\/index.php?rest_route=\/wp\/v2\/media\/9265"}],"wp:attachment":[{"href":"https:\/\/www.formulatennis.com\/index.php?rest_route=%2Fwp%2Fv2%2Fmedia&parent=9264"}],"wp:term":[{"taxonomy":"category","embeddable":true,"href":"https:\/\/www.formulatennis.com\/index.php?rest_route=%2Fwp%2Fv2%2Fcategories&post=9264"},{"taxonomy":"post_tag","embeddable":true,"href":"https:\/\/www.formulatennis.com\/index.php?rest_route=%2Fwp%2Fv2%2Ftags&post=9264"}],"curies":[{"name":"wp","href":"https:\/\/api.w.org\/{rel}","templated":true}]}}