{"id":8787,"date":"2015-11-02T14:57:28","date_gmt":"2015-11-02T13:57:28","guid":{"rendered":"http:\/\/www.formulatennis.com\/?p=8787"},"modified":"2015-11-03T08:34:54","modified_gmt":"2015-11-03T07:34:54","slug":"federer-e-il-settimo-sigillo-a-basilea-nadal-sulla-via-del-ritorno","status":"publish","type":"post","link":"https:\/\/www.formulatennis.com\/?p=8787","title":{"rendered":"Federer e il settimo sigillo a Basilea. Nadal sulla via del ritorno"},"content":{"rendered":"<p>Federer ha fatto suo il trofeo di Basilea, portando a casa l&#8217;ottantottesimo titolo in carriera.<\/p>\n<p>Ha confezionato un<strong> piccolo e prezioso cammeo<\/strong> questa settimana Roger Federer. Il palcoscenico non sar\u00e0 stato uno dei maggiori, gli avversari non i pi\u00f9 ostici (finale a parte ovviamente) ma in ogni caso vincere l&#8217;ottantottesimo torneo, di fronte al pubblico di casa, sotto gli occhi di pap\u00e0 mamma e sorella, di Luthi, del compagno di Davis Lammer e altri amici, nonch\u00e9 del solito pubblico adorante, non pu\u00f2 che essere stata l&#8217;ennesima soddisfazione. Perch\u00e9 in fondo, <em>win&#8217;s a win<\/em>. Una vittoria \u00e8 sempre una vittoria. Ma soprattutto, come ha sottolineato Federer stesso durante la cerimonia di premiazione, perch\u00e9 \u00e8 arrivata contro l&#8217;<strong>avversario di sempre<\/strong>, finalmente (per noi appassionati almeno, ma siamo sicuri anche per Roger) sfidato dopo quasi due anni dal loro ultimo incontro.<\/p>\n<p>Di sfide tra Federer-Nadal se n&#8217;erano gi\u00e0 giocate trentatr\u00e9, ma era dal gennaio del 2014 che i due non si affrontavano, dalla semifinale degli Australian Open. Questa settimana lo spagnolo ha contribuito a realizzare il desiderio del mondo del tennis di assistere quello che \u00e8 sempre stato denominato come &#8220;<em>el clasico<\/em>&#8221; del tennis, e ha scelto di giocare a Basilea, torneo al quale aveva preso parte solo altre tre volte (nel 2003 e 2004, poi direttamente del 2014).<\/p>\n<p>Graziato in semifinale da un Gasquet che ha sprecato occasioni tanto nel primo quanto nel secondo set, in finale Nadal ha messo in campo tutte le sue armi per provare a dare lo spettacolo di un tempo contro Federer.<\/p>\n<p>Dopo un primo set scivolato via veloce e portato a casa da Federer con un doppio break, Nadal \u00e8 riuscito a portare lo svizzero al terzo set, ma nonostante la pressione dello spagnolo sia aumentata nel corso della partita, non \u00e8 riuscito a impensierire Federer come in passato. Come a Federer a un certo punto della carriera \u00e8 toccato perdere quell&#8217;aura di imbattibilit\u00e0 che si \u00e8 portato dietro per anni (e che per\u00f2, con rare eccezioni, ha ormai pienamente e incredibilmente recuperato) cos\u00ec \u00e8 toccato a Nadal, e in modo pi\u00f9 brusco, per i problemi fisici che l&#8217;hanno tenuto lontano dai campi e l&#8217;hanno poi restituito irriconoscibile agli occhi dei fan e degli avversari.<\/p>\n<p>Tuttavia, dopo una deludente stagione sul cemento americano, Nadal sta in questa parte di stagione <strong>finalmente ritrovando certezze<\/strong>. Dopo la finale a Pechino e la buona semifinale raggiunta a Shanghai, dove ha messo in riga Karlovic, Raonic e Wawrinka, questa settimana Nadal ha raggiunto un altro traguardo importante, e dotato di un <strong>alto valore simbolico<\/strong> perch\u00e9 arrivato quando tutti lo attendevano, e in un torneo da anni nobilitato dalla presenza del tennista pi\u00f9 vittorioso della storia. Quel Federer che, poco dopo aver alzato la coppa, era gi\u00e0, vassoi alla mano, a <strong>distribuire pizza<\/strong> ai raccattapalle, nella ormai tradizionale festa che lo vede protagonista, a ricordare come anche lui abbia fatto parte, anni fa, di quella schiera di <em>ballboys<\/em> estasiati alla vista dei loro campioni preferiti.<\/p>\n<p>Questa settimana \u00e8 stata utile, ha detto Nadal, per capire la sua condizione e per testare il proprio gioco. Ora potr\u00e0 continuare a migliorare e magari chiss\u00e0, tornare a essere, se non quello di un tempo, comunque un giocatore in grado di mettere costantemente in difficolt\u00e0 tutti\u00a0gli altri Top Ten. Questa stagione ormai volge al termine e dopo Bercy, dove si giocano le ultime carte in vista di Londra, andranno in scena le Finals, dove Nadal non sar\u00e0 certo tra i favoriti, lui che quel torneo non l&#8217;ha mai amato neanche negli anni d\u2019oro.<\/p>\n<p>Ma dalla umida Londra di fine novembre all&#8217;assolata Melbourne di gennaio <strong>il passo \u00e8 breve<\/strong>. Un nuovo anno di tennis inizier\u00e0 presto, e Nadal ha tutto il tempo per continuare a lavorare e cercare gli aggiustamenti nel suo gioco che possano permettergli di tornare (o perlomeno avvicinarsi sempre pi\u00f9) ai livelli di un tempo. Soprattutto in attesa dell\u2019amata terra rossa.<\/p>\n<p>Noi non possiamo che augurarci di vederlo al meglio, cos\u00ec come ci auguriamo di poter continuare ad ammirare Federer collezionare altri ottanta novanta cento tornei.<\/p>\n<p><strong>Quando si \u00e8 conosciuto dei campioni del genere, inutile dirlo, si vorrebbe solo che non smettessero mai.<\/strong><\/p>\n<p>&nbsp; (1005)<\/p>\n","protected":false},"excerpt":{"rendered":"<p>Federer ha fatto suo il trofeo di Basilea, portando a casa l&#8217;ottantottesimo titolo in carriera. Ha confezionato un piccolo e prezioso cammeo questa settimana Roger Federer. Il palcoscenico non sar\u00e0&hellip; <\/p>\n","protected":false},"author":8,"featured_media":8788,"comment_status":"open","ping_status":"open","sticky":false,"template":"","format":"standard","meta":{"_monsterinsights_skip_tracking":false,"advanced_seo_description":"","jetpack_seo_html_title":"","jetpack_seo_noindex":false,"jetpack_seo_schema_type":"","_jetpack_newsletter_access":"","_jetpack_dont_email_post_to_subs":false,"_jetpack_newsletter_tier_id":0,"_jetpack_memberships_contains_paywalled_content":false,"_jetpack_feature_clip_id":0,"_jetpack_memberships_contains_paid_content":false,"footnotes":"","jetpack_publicize_message":"","jetpack_publicize_feature_enabled":true,"jetpack_social_post_already_shared":false,"jetpack_social_options":{"image_generator_settings":{"template":"highway","default_image_id":0,"font":"","enabled":false},"version":2},"jetpack_post_was_ever_published":false},"categories":[6,50,4],"tags":[],"class_list":["post-8787","post","type-post","status-publish","format-standard","has-post-thumbnail","hentry","category-a-circuito-atp","category-flash-news","category-primo-piano"],"jetpack_publicize_connections":[],"jetpack_sharing_enabled":true,"jetpack_shortlink":"https:\/\/wp.me\/p9JqfT-2hJ","jetpack_likes_enabled":true,"jetpack_featured_media_url":"https:\/\/www.formulatennis.com\/wp-content\/uploads\/2015\/11\/federerbasilea-820x410.jpg","_links":{"self":[{"href":"https:\/\/www.formulatennis.com\/index.php?rest_route=\/wp\/v2\/posts\/8787","targetHints":{"allow":["GET"]}}],"collection":[{"href":"https:\/\/www.formulatennis.com\/index.php?rest_route=\/wp\/v2\/posts"}],"about":[{"href":"https:\/\/www.formulatennis.com\/index.php?rest_route=\/wp\/v2\/types\/post"}],"author":[{"embeddable":true,"href":"https:\/\/www.formulatennis.com\/index.php?rest_route=\/wp\/v2\/users\/8"}],"replies":[{"embeddable":true,"href":"https:\/\/www.formulatennis.com\/index.php?rest_route=%2Fwp%2Fv2%2Fcomments&post=8787"}],"version-history":[{"count":6,"href":"https:\/\/www.formulatennis.com\/index.php?rest_route=\/wp\/v2\/posts\/8787\/revisions"}],"predecessor-version":[{"id":8850,"href":"https:\/\/www.formulatennis.com\/index.php?rest_route=\/wp\/v2\/posts\/8787\/revisions\/8850"}],"wp:featuredmedia":[{"embeddable":true,"href":"https:\/\/www.formulatennis.com\/index.php?rest_route=\/wp\/v2\/media\/8788"}],"wp:attachment":[{"href":"https:\/\/www.formulatennis.com\/index.php?rest_route=%2Fwp%2Fv2%2Fmedia&parent=8787"}],"wp:term":[{"taxonomy":"category","embeddable":true,"href":"https:\/\/www.formulatennis.com\/index.php?rest_route=%2Fwp%2Fv2%2Fcategories&post=8787"},{"taxonomy":"post_tag","embeddable":true,"href":"https:\/\/www.formulatennis.com\/index.php?rest_route=%2Fwp%2Fv2%2Ftags&post=8787"}],"curies":[{"name":"wp","href":"https:\/\/api.w.org\/{rel}","templated":true}]}}