{"id":4577,"date":"2015-02-16T13:10:44","date_gmt":"2015-02-16T12:10:44","guid":{"rendered":"http:\/\/www.formulatennis.com\/?p=4577"},"modified":"2015-02-16T13:10:44","modified_gmt":"2015-02-16T12:10:44","slug":"luca-vanni-il-gigante-buono","status":"publish","type":"post","link":"https:\/\/www.formulatennis.com\/?p=4577","title":{"rendered":"Luca Vanni il gigante buono"},"content":{"rendered":"<p>Lunedi 26 Gennaio, ore 17.30 &#8211; seduta di palestra con il nostro Preparatore atletico Gianfranco Palini: abbiamo un minuto e mezzo di riposo tra una serie e l\u2019altra sulla panca piana e Luca mi fa: \u201cTommy, sono ancora 2 fuori da Quito: sto impazzendo, non si cancella nessuno; entro stasera devo decidere se andare o meno perch\u00e9 scadono le iscrizioni della settimana di Rio\u2026cosa mi consigli?\u201d<\/p>\n<p>Tra le valutazioni dei pro e i contro nel rischiare questa trasferta, \u00e8 gi\u00e0 tempo di una nuova serie alla panca.<\/p>\n<p>Luned\u00ec 26 Gennaio, ore 19.00 &#8211; io e Giorgio Portaluri , siamo nel soggiorno a guardare la TV, mentre Luca esce dalla sua camera e dice: \u201cFabs, ci sono buone notizie: sono entrato a Quito\u201d.<\/p>\n<p>La felicit\u00e0 gli si legge chiaramente in faccia per essere entrato per la prima volta di diritto nel main draw di un torneo ATP. Certo, \u00e8 149 ATP, non si entra tutte le settimane con un ranking del genere, ma Quito \u00e8 un torneo particolare e il cut \u00e8 leggermente pi\u00f9 basso.<\/p>\n<p>Lucone non ci pensa due volte e comincia ad organizzarsi con i voli per la trasferta. Due giorni di allenamento sulla terra e la \u201cgita sudamericana\u201d ha inizio.<\/p>\n<p>Tra tutti gli scenari possibili della sua trasferta, non avrei mai immaginato di vederlo nella finale di un ATP\u2026 quanto meno nel giro di due settimane.<\/p>\n<p>Vero che il suo stato di forma andava alla grande: ci abbiamo dato dentro molto intensamente con la preparazione invernale e lui ne aveva gi\u00e0 raccolto i frutti qualificandosi a Chennai e superando un turno di quali a Melbourne. Il suo atteggiamento era determinato a scalare posizioni, a dimostrare di valere ancora di pi\u00f9 della sua classifica, a scoprire realmente tutto il suo potenziale. Le mattine alle 7, a correre insieme per le vie di Foligno con il freddo che ci entrava nelle ossa, la spinta a migliorare le trazioni alla sbarra, le ore di tennis nel pallone di Villa Candida, gli allenamenti allo stadio per andare sempre pi\u00f9 forte.<\/p>\n<p>Tanto, tanto sudore ripagato con gli interessi.<\/p>\n<p>E ora che sei li, Lucone, continua a spingere sull\u2019acceleratore e ad ammirare il capolavoro che hai fatto.<\/p>\n<p>&nbsp;<\/p>\n<p>Respect<\/p>\n<p>Thomas *<\/p>\n<p>&nbsp;<\/p>\n<p>(*Thomas Fabbiano, numero 255 Atp, si allena con Vanni al Tennis Training Villa Candida di Foligno, sotto la guida di Fabio Gorietti)<\/p>\n<p>&nbsp;<\/p>\n<p><strong>Fonte www.federtennis.it<\/strong> (1356)<\/p>\n","protected":false},"excerpt":{"rendered":"<p>Lunedi 26 Gennaio, ore 17.30 &#8211; seduta di palestra con il nostro Preparatore atletico Gianfranco Palini: abbiamo un minuto e mezzo di riposo tra una serie e l\u2019altra sulla panca&hellip; <\/p>\n","protected":false},"author":1,"featured_media":4578,"comment_status":"open","ping_status":"open","sticky":false,"template":"","format":"standard","meta":{"_monsterinsights_skip_tracking":false,"advanced_seo_description":"","jetpack_seo_html_title":"","jetpack_seo_noindex":false,"jetpack_seo_schema_type":"","_jetpack_newsletter_access":"","_jetpack_dont_email_post_to_subs":false,"_jetpack_newsletter_tier_id":0,"_jetpack_memberships_contains_paywalled_content":false,"_jetpack_feature_clip_id":0,"_jetpack_memberships_contains_paid_content":false,"footnotes":"","jetpack_publicize_message":"","jetpack_publicize_feature_enabled":true,"jetpack_social_post_already_shared":false,"jetpack_social_options":{"image_generator_settings":{"template":"highway","default_image_id":0,"font":"","enabled":false},"version":2},"jetpack_post_was_ever_published":false},"categories":[50,4,64],"tags":[],"class_list":["post-4577","post","type-post","status-publish","format-standard","has-post-thumbnail","hentry","category-flash-news","category-primo-piano","category-ritratti"],"jetpack_publicize_connections":[],"jetpack_sharing_enabled":true,"jetpack_shortlink":"https:\/\/wp.me\/p9JqfT-1bP","jetpack_likes_enabled":true,"jetpack_featured_media_url":"https:\/\/www.formulatennis.com\/wp-content\/uploads\/2015\/02\/Vanni-16a4.jpg","_links":{"self":[{"href":"https:\/\/www.formulatennis.com\/index.php?rest_route=\/wp\/v2\/posts\/4577","targetHints":{"allow":["GET"]}}],"collection":[{"href":"https:\/\/www.formulatennis.com\/index.php?rest_route=\/wp\/v2\/posts"}],"about":[{"href":"https:\/\/www.formulatennis.com\/index.php?rest_route=\/wp\/v2\/types\/post"}],"author":[{"embeddable":true,"href":"https:\/\/www.formulatennis.com\/index.php?rest_route=\/wp\/v2\/users\/1"}],"replies":[{"embeddable":true,"href":"https:\/\/www.formulatennis.com\/index.php?rest_route=%2Fwp%2Fv2%2Fcomments&post=4577"}],"version-history":[{"count":1,"href":"https:\/\/www.formulatennis.com\/index.php?rest_route=\/wp\/v2\/posts\/4577\/revisions"}],"predecessor-version":[{"id":4579,"href":"https:\/\/www.formulatennis.com\/index.php?rest_route=\/wp\/v2\/posts\/4577\/revisions\/4579"}],"wp:featuredmedia":[{"embeddable":true,"href":"https:\/\/www.formulatennis.com\/index.php?rest_route=\/wp\/v2\/media\/4578"}],"wp:attachment":[{"href":"https:\/\/www.formulatennis.com\/index.php?rest_route=%2Fwp%2Fv2%2Fmedia&parent=4577"}],"wp:term":[{"taxonomy":"category","embeddable":true,"href":"https:\/\/www.formulatennis.com\/index.php?rest_route=%2Fwp%2Fv2%2Fcategories&post=4577"},{"taxonomy":"post_tag","embeddable":true,"href":"https:\/\/www.formulatennis.com\/index.php?rest_route=%2Fwp%2Fv2%2Ftags&post=4577"}],"curies":[{"name":"wp","href":"https:\/\/api.w.org\/{rel}","templated":true}]}}