{"id":21538,"date":"2018-08-08T16:02:10","date_gmt":"2018-08-08T14:02:10","guid":{"rendered":"http:\/\/www.formulatennis.com\/?p=21538"},"modified":"2018-08-08T16:02:10","modified_gmt":"2018-08-08T14:02:10","slug":"roger-37-anni-e-non-sentirli","status":"publish","type":"post","link":"https:\/\/www.formulatennis.com\/?p=21538","title":{"rendered":"Roger? 37 anni e non sentirli!"},"content":{"rendered":"<p>\u00c8 il compleanno di Roger Federer. Sono migliaia i post inviati da tutto il mondo della racchetta e dello Sport per festeggiarlo. Federer taglia oggi 8 agosto 2018 il traguardo dei suoi 37 anni. Ricordare il palmares conquistato dal tennista nato a Basilea \u00e8 pura retorica narrativa. In 20 anni d&#8217;attivit\u00e0 da professionista ha vinto pressoch\u00e9 ovunque. Soprattutto ha saputo mettere la firma in 20 prove dello Slam e non per questo pare essere sazio di scrivere il suo nome sull&#8217;albo d&#8217;oro delle tappe Major. Al pi\u00f9 grande campione del Tennis contemporaneo vanno i nostri migliori auguri: Buon Compleanno Roger !!! (1133)<\/p>\n","protected":false},"excerpt":{"rendered":"<p>\u00c8 il compleanno di Roger Federer. Sono migliaia i post inviati da tutto il mondo della racchetta e dello Sport per festeggiarlo. Federer taglia oggi 8 agosto 2018 il traguardo&hellip; <\/p>\n","protected":false},"author":5,"featured_media":21537,"comment_status":"open","ping_status":"open","sticky":false,"template":"","format":"standard","meta":{"_monsterinsights_skip_tracking":false,"advanced_seo_description":"","jetpack_seo_html_title":"","jetpack_seo_noindex":false,"jetpack_seo_schema_type":"","_jetpack_newsletter_access":"","_jetpack_dont_email_post_to_subs":false,"_jetpack_newsletter_tier_id":0,"_jetpack_memberships_contains_paywalled_content":false,"_jetpack_feature_clip_id":0,"_jetpack_memberships_contains_paid_content":false,"footnotes":"","jetpack_publicize_message":"","jetpack_publicize_feature_enabled":true,"jetpack_social_post_already_shared":true,"jetpack_social_options":{"image_generator_settings":{"template":"highway","default_image_id":0,"font":"","enabled":false},"version":2},"jetpack_post_was_ever_published":false},"categories":[6,48,50,4,59,8,1],"tags":[],"class_list":["post-21538","post","type-post","status-publish","format-standard","has-post-thumbnail","hentry","category-a-circuito-atp","category-editoriale","category-flash-news","category-primo-piano","category-tornei-in-corso","category-ultime-notizie","category-varie-tennis"],"jetpack_publicize_connections":[],"jetpack_sharing_enabled":true,"jetpack_shortlink":"https:\/\/wp.me\/p9JqfT-5Bo","jetpack_likes_enabled":true,"jetpack_featured_media_url":"https:\/\/www.formulatennis.com\/wp-content\/uploads\/2018\/08\/FEDERER-GRAZIE-PER-GLI-AUGURI-DI-COMPLEANNO.jpg","_links":{"self":[{"href":"https:\/\/www.formulatennis.com\/index.php?rest_route=\/wp\/v2\/posts\/21538","targetHints":{"allow":["GET"]}}],"collection":[{"href":"https:\/\/www.formulatennis.com\/index.php?rest_route=\/wp\/v2\/posts"}],"about":[{"href":"https:\/\/www.formulatennis.com\/index.php?rest_route=\/wp\/v2\/types\/post"}],"author":[{"embeddable":true,"href":"https:\/\/www.formulatennis.com\/index.php?rest_route=\/wp\/v2\/users\/5"}],"replies":[{"embeddable":true,"href":"https:\/\/www.formulatennis.com\/index.php?rest_route=%2Fwp%2Fv2%2Fcomments&post=21538"}],"version-history":[{"count":1,"href":"https:\/\/www.formulatennis.com\/index.php?rest_route=\/wp\/v2\/posts\/21538\/revisions"}],"predecessor-version":[{"id":21539,"href":"https:\/\/www.formulatennis.com\/index.php?rest_route=\/wp\/v2\/posts\/21538\/revisions\/21539"}],"wp:featuredmedia":[{"embeddable":true,"href":"https:\/\/www.formulatennis.com\/index.php?rest_route=\/wp\/v2\/media\/21537"}],"wp:attachment":[{"href":"https:\/\/www.formulatennis.com\/index.php?rest_route=%2Fwp%2Fv2%2Fmedia&parent=21538"}],"wp:term":[{"taxonomy":"category","embeddable":true,"href":"https:\/\/www.formulatennis.com\/index.php?rest_route=%2Fwp%2Fv2%2Fcategories&post=21538"},{"taxonomy":"post_tag","embeddable":true,"href":"https:\/\/www.formulatennis.com\/index.php?rest_route=%2Fwp%2Fv2%2Ftags&post=21538"}],"curies":[{"name":"wp","href":"https:\/\/api.w.org\/{rel}","templated":true}]}}